{"id":5738,"date":"2023-04-26T16:59:58","date_gmt":"2023-04-26T14:59:58","guid":{"rendered":"https:\/\/allimaginarium.fr\/en\/?p=5738"},"modified":"2023-05-11T16:25:52","modified_gmt":"2023-05-11T14:25:52","slug":"salon-entreprise-val-doust","status":"publish","type":"post","link":"https:\/\/allimaginarium.fr\/en\/salon-entreprise-val-doust\/","title":{"rendered":"Salon de l&rsquo;entreprise"},"content":{"rendered":"\n<h2 class=\"wp-block-heading\">Une premi\u00e8re pour le Val d&rsquo;oust<\/h2>\n\n\n\n<p>Un Salon pour tisser des liens !<\/p>\n\n\n\n<p>C\u2019est une premi\u00e8re. Un salon de l\u2019entreprise est organis\u00e9 au Val D\u2019Oust, Morbihan, vendredi 14 avril 2023.<\/p>\n\n\n\n<p>\u00ab C\u2019est une demande remontant notamment de nos artisans qui souhaitaient mieux conna\u00eetre les autres professionnels de la commune. D\u2019o\u00f9 l\u2019id\u00e9e d\u2019un salon des entreprises mais on s\u2019est alors dit qu\u2019il pourrait \u00eatre int\u00e9ressant de l\u2019ouvrir au public pour permettre aux citoyens de venir \u00e0 leur rencontre. On constate en effet qu\u2019il y a une m\u00e9connaissance du tissu \u00e9conomique de la part des habitants \u00bb, explique Florence Prunet, maire du Val d\u2019Oust. <\/p>\n\n\n\n<p><\/p>\n\n\n\n<div class=\"wp-block-columns is-layout-flex wp-container-core-columns-is-layout-9d6595d7 wp-block-columns-is-layout-flex\">\n<div class=\"wp-block-column is-layout-flow wp-block-column-is-layout-flow\">\n<figure class=\"wp-block-gallery has-nested-images columns-default is-cropped wp-block-gallery-1 is-layout-flex wp-block-gallery-is-layout-flex\">\n<figure class=\"wp-block-image size-large\"><img loading=\"lazy\" decoding=\"async\" width=\"1024\" height=\"1024\" data-id=\"5748\" src=\"https:\/\/allimaginarium.fr\/en\/wp-content\/uploads\/2023\/04\/20230414_180109-1024x1024.jpg\" alt=\"\" class=\"wp-image-5748\" srcset=\"https:\/\/allimaginarium.fr\/en\/wp-content\/uploads\/2023\/04\/20230414_180109-980x980.jpg 980w, https:\/\/allimaginarium.fr\/en\/wp-content\/uploads\/2023\/04\/20230414_180109-480x480.jpg 480w\" sizes=\"auto, (min-width: 0px) and (max-width: 480px) 480px, (min-width: 481px) and (max-width: 980px) 980px, (min-width: 981px) 1024px, 100vw\" \/><\/figure>\n<\/figure>\n\n\n\n<p>Emplacement<\/p>\n<\/div>\n\n\n\n<div class=\"wp-block-column is-layout-flow wp-block-column-is-layout-flow\">\n<figure class=\"wp-block-image size-full\"><img loading=\"lazy\" decoding=\"async\" width=\"848\" height=\"763\" src=\"https:\/\/allimaginarium.fr\/en\/wp-content\/uploads\/2023\/04\/Screenshot_20230417_162651_Chrome-2.jpg\" alt=\"\" class=\"wp-image-5750\" srcset=\"https:\/\/allimaginarium.fr\/en\/wp-content\/uploads\/2023\/04\/Screenshot_20230417_162651_Chrome-2.jpg 848w, https:\/\/allimaginarium.fr\/en\/wp-content\/uploads\/2023\/04\/Screenshot_20230417_162651_Chrome-2-480x432.jpg 480w\" sizes=\"auto, (min-width: 0px) and (max-width: 480px) 480px, (min-width: 481px) 848px, 100vw\" \/><\/figure>\n\n\n\n<p>Plo\u00ebrmel Objectif<\/p>\n<\/div>\n\n\n\n<div class=\"wp-block-column is-layout-flow wp-block-column-is-layout-flow\">\n<figure class=\"wp-block-image size-large\"><img loading=\"lazy\" decoding=\"async\" width=\"1024\" height=\"1024\" src=\"https:\/\/allimaginarium.fr\/en\/wp-content\/uploads\/2023\/04\/20230414_180100-1024x1024.jpg\" alt=\"\" class=\"wp-image-5747\" srcset=\"https:\/\/allimaginarium.fr\/en\/wp-content\/uploads\/2023\/04\/20230414_180100-980x980.jpg 980w, https:\/\/allimaginarium.fr\/en\/wp-content\/uploads\/2023\/04\/20230414_180100-480x480.jpg 480w\" sizes=\"auto, (min-width: 0px) and (max-width: 480px) 480px, (min-width: 481px) and (max-width: 980px) 980px, (min-width: 981px) 1024px, 100vw\" \/><\/figure>\n\n\n\n<p>Salon<\/p>\n<\/div>\n<\/div>\n\n\n\n<p class=\"has-text-align-center\"><\/p>\n\n\n\n<h3 class=\"wp-block-heading\"><strong>Une premi\u00e8re pour All* Imaginarium<\/strong><\/h3>\n\n\n\n<p>Trente deux entreprises, commer\u00e7ants, artisans et agriculteurs du tissu \u00e9conomique de la commune ont r\u00e9pondu pr\u00e9sents pour y participer: Et All* Imaginarium, entreprise de cr\u00e9ation, en fait parti et sera pr\u00e9sente:\u00a0<a href=\"https:\/\/allimaginarium.fr\/en\/\">www.allimaginarium.fr<\/a> <\/p>\n\n\n\n<p>Objectifs? \u00ab\u00a0Cr\u00e9er du r\u00e9seau, tisser des liens pour travailler en synergie\u00a0\u00bb, avance la Maire, Florence Prunet. \u00ab\u00a0Et surtout se faire conna\u00eetre du public. Pourquoi aller chercher ailleurs ce que l\u2019on a pr\u00e8s de chez soi? Il y a une demande de visibilit\u00e9 de la part de tous ces acteurs\u00a0\u00bb. <\/p>\n\n\n\n<p>Nous serons l\u00e0 pour <strong>papoter, partager et profiter<\/strong> avec vous de notre savoir-faire.<\/p>\n\n\n\n<div class=\"wp-block-columns is-layout-flex wp-container-core-columns-is-layout-9d6595d7 wp-block-columns-is-layout-flex\">\n<div class=\"wp-block-column is-vertically-aligned-center is-layout-flow wp-block-column-is-layout-flow\">\n<figure class=\"wp-block-gallery has-nested-images columns-default is-cropped wp-block-gallery-2 is-layout-flex wp-block-gallery-is-layout-flex\">\n<figure class=\"wp-block-image size-large\"><img loading=\"lazy\" decoding=\"async\" width=\"1024\" height=\"1024\" data-id=\"5740\" src=\"https:\/\/allimaginarium.fr\/en\/wp-content\/uploads\/2023\/04\/20230414_191243-1024x1024.jpg\" alt=\"\" class=\"wp-image-5740\" srcset=\"https:\/\/allimaginarium.fr\/en\/wp-content\/uploads\/2023\/04\/20230414_191243-980x980.jpg 980w, https:\/\/allimaginarium.fr\/en\/wp-content\/uploads\/2023\/04\/20230414_191243-480x480.jpg 480w\" sizes=\"auto, (min-width: 0px) and (max-width: 480px) 480px, (min-width: 481px) and (max-width: 980px) 980px, (min-width: 981px) 1024px, 100vw\" \/><\/figure>\n<\/figure>\n<\/div>\n\n\n\n<div class=\"wp-block-column is-layout-flow wp-block-column-is-layout-flow\">\n<figure class=\"wp-block-image size-large\"><img loading=\"lazy\" decoding=\"async\" width=\"683\" height=\"1024\" src=\"https:\/\/allimaginarium.fr\/en\/wp-content\/uploads\/2023\/04\/Screenshot_20230417_162651_Chrome-683x1024.jpg\" alt=\"\" class=\"wp-image-5741\"\/><figcaption class=\"wp-element-caption\">Plo\u00ebrmel Objectif<\/figcaption><\/figure>\n<\/div>\n\n\n\n<div class=\"wp-block-column is-layout-flow wp-block-column-is-layout-flow\">\n<figure class=\"wp-block-image aligncenter size-large\"><img loading=\"lazy\" decoding=\"async\" width=\"1024\" height=\"1024\" src=\"https:\/\/allimaginarium.fr\/en\/wp-content\/uploads\/2023\/04\/20230414_172812-1024x1024.jpg\" alt=\"\" class=\"wp-image-5742\" srcset=\"https:\/\/allimaginarium.fr\/en\/wp-content\/uploads\/2023\/04\/20230414_172812-980x980.jpg 980w, https:\/\/allimaginarium.fr\/en\/wp-content\/uploads\/2023\/04\/20230414_172812-480x480.jpg 480w\" sizes=\"auto, (min-width: 0px) and (max-width: 480px) 480px, (min-width: 481px) and (max-width: 980px) 980px, (min-width: 981px) 1024px, 100vw\" \/><figcaption class=\"wp-element-caption\">Objets recycl\u00e9s sur le stand<\/figcaption><\/figure>\n<\/div>\n<\/div>\n\n\n\n<p class=\"has-text-align-center has-luminous-vivid-amber-color has-vivid-cyan-blue-to-vivid-purple-gradient-background has-text-color has-background has-medium-font-size\"><strong><em>Et le r\u00e9sultat, sur les Br\u00e8ves du Val D&rsquo;Oust !<\/em><\/strong><\/p>\n\n\n\n<figure class=\"wp-block-image aligncenter size-medium\"><img loading=\"lazy\" decoding=\"async\" width=\"241\" height=\"300\" src=\"https:\/\/allimaginarium.fr\/en\/wp-content\/uploads\/2023\/04\/344566578_905012423920377_3271393333246453455_n-241x300.jpg\" alt=\"\" class=\"wp-image-6580\"\/><\/figure>\n","protected":false},"excerpt":{"rendered":"<p>Une premi\u00e8re, le salon de l&rsquo;entreprise \u00e0 Val D&rsquo;Oust en Bretagne et pour All*Imaginarium aussi !<\/p>\n","protected":false},"author":2,"featured_media":5739,"comment_status":"open","ping_status":"open","sticky":false,"template":"","format":"standard","meta":{"_et_pb_use_builder":"off","_et_pb_old_content":"","_et_gb_content_width":"","inline_featured_image":false,"footnotes":""},"categories":[69],"tags":[],"class_list":["post-5738","post","type-post","status-publish","format-standard","has-post-thumbnail","hentry","category-evenement"],"yoast_head":"<!-- This site is optimized with the Yoast SEO plugin v27.5 - https:\/\/yoast.com\/product\/yoast-seo-wordpress\/ -->\n<title>Salon de l&#039;entreprise - All*Imaginarium<\/title>\n<meta name=\"description\" content=\"Une premi\u00e8re pour All* Imaginarium et pour le salon de l&#039;entreprise organis\u00e9 par la Mairie du Val d&#039;Oust en Bretagne, Morbihan.\" \/>\n<meta name=\"robots\" content=\"index, follow, max-snippet:-1, max-image-preview:large, max-video-preview:-1\" \/>\n<link rel=\"canonical\" href=\"https:\/\/allimaginarium.fr\/en\/salon-entreprise-val-doust\/\" \/>\n<meta property=\"og:locale\" content=\"fr_FR\" \/>\n<meta property=\"og:type\" content=\"article\" \/>\n<meta property=\"og:title\" content=\"Salon de l&#039;entreprise - All*Imaginarium\" \/>\n<meta property=\"og:description\" content=\"Une premi\u00e8re pour All* Imaginarium et pour le salon de l&#039;entreprise organis\u00e9 par la Mairie du Val d&#039;Oust en Bretagne, Morbihan.\" \/>\n<meta property=\"og:url\" content=\"https:\/\/allimaginarium.fr\/en\/salon-entreprise-val-doust\/\" \/>\n<meta property=\"og:site_name\" content=\"All*Imaginarium\" \/>\n<meta property=\"article:publisher\" content=\"https:\/\/www.facebook.com\/allimaginarium\" \/>\n<meta property=\"article:published_time\" content=\"2023-04-26T14:59:58+00:00\" \/>\n<meta property=\"article:modified_time\" content=\"2023-05-11T14:25:52+00:00\" \/>\n<meta property=\"og:image\" content=\"https:\/\/allimaginarium.fr\/en\/wp-content\/uploads\/2023\/04\/Salon-de-lentreprise.png\" \/>\n\t<meta property=\"og:image:width\" content=\"1200\" \/>\n\t<meta property=\"og:image:height\" content=\"200\" \/>\n\t<meta property=\"og:image:type\" content=\"image\/png\" \/>\n<meta name=\"author\" content=\"Magali All*imaginarium\" \/>\n<meta name=\"twitter:card\" content=\"summary_large_image\" \/>\n<meta name=\"twitter:label1\" content=\"\u00c9crit par\" \/>\n\t<meta name=\"twitter:data1\" content=\"Magali All*imaginarium\" \/>\n\t<meta name=\"twitter:label2\" content=\"Dur\u00e9e de lecture estim\u00e9e\" \/>\n\t<meta name=\"twitter:data2\" content=\"3 minutes\" \/>\n<script type=\"application\/ld+json\" class=\"yoast-schema-graph\">{\"@context\":\"https:\\\/\\\/schema.org\",\"@graph\":[{\"@type\":\"Article\",\"@id\":\"https:\\\/\\\/allimaginarium.fr\\\/en\\\/salon-entreprise-val-doust\\\/#article\",\"isPartOf\":{\"@id\":\"https:\\\/\\\/allimaginarium.fr\\\/en\\\/salon-entreprise-val-doust\\\/\"},\"author\":{\"name\":\"Magali All*imaginarium\",\"@id\":\"https:\\\/\\\/allimaginarium.fr\\\/en\\\/#\\\/schema\\\/person\\\/628eae59e3a5093dd205419c85d3bc5d\"},\"headline\":\"Salon de l&rsquo;entreprise\",\"datePublished\":\"2023-04-26T14:59:58+00:00\",\"dateModified\":\"2023-05-11T14:25:52+00:00\",\"mainEntityOfPage\":{\"@id\":\"https:\\\/\\\/allimaginarium.fr\\\/en\\\/salon-entreprise-val-doust\\\/\"},\"wordCount\":257,\"commentCount\":0,\"publisher\":{\"@id\":\"https:\\\/\\\/allimaginarium.fr\\\/en\\\/#organization\"},\"image\":{\"@id\":\"https:\\\/\\\/allimaginarium.fr\\\/en\\\/salon-entreprise-val-doust\\\/#primaryimage\"},\"thumbnailUrl\":\"https:\\\/\\\/allimaginarium.fr\\\/en\\\/wp-content\\\/uploads\\\/2023\\\/04\\\/Salon-de-lentreprise.png\",\"articleSection\":[\"Ev\u00e9nement\"],\"inLanguage\":\"fr-FR\",\"potentialAction\":[{\"@type\":\"CommentAction\",\"name\":\"Comment\",\"target\":[\"https:\\\/\\\/allimaginarium.fr\\\/en\\\/salon-entreprise-val-doust\\\/#respond\"]}]},{\"@type\":\"WebPage\",\"@id\":\"https:\\\/\\\/allimaginarium.fr\\\/en\\\/salon-entreprise-val-doust\\\/\",\"url\":\"https:\\\/\\\/allimaginarium.fr\\\/en\\\/salon-entreprise-val-doust\\\/\",\"name\":\"Salon de l'entreprise - All*Imaginarium\",\"isPartOf\":{\"@id\":\"https:\\\/\\\/allimaginarium.fr\\\/en\\\/#website\"},\"primaryImageOfPage\":{\"@id\":\"https:\\\/\\\/allimaginarium.fr\\\/en\\\/salon-entreprise-val-doust\\\/#primaryimage\"},\"image\":{\"@id\":\"https:\\\/\\\/allimaginarium.fr\\\/en\\\/salon-entreprise-val-doust\\\/#primaryimage\"},\"thumbnailUrl\":\"https:\\\/\\\/allimaginarium.fr\\\/en\\\/wp-content\\\/uploads\\\/2023\\\/04\\\/Salon-de-lentreprise.png\",\"datePublished\":\"2023-04-26T14:59:58+00:00\",\"dateModified\":\"2023-05-11T14:25:52+00:00\",\"description\":\"Une premi\u00e8re pour All* Imaginarium et pour le salon de l'entreprise organis\u00e9 par la Mairie du Val d'Oust en Bretagne, Morbihan.\",\"breadcrumb\":{\"@id\":\"https:\\\/\\\/allimaginarium.fr\\\/en\\\/salon-entreprise-val-doust\\\/#breadcrumb\"},\"inLanguage\":\"fr-FR\",\"potentialAction\":[{\"@type\":\"ReadAction\",\"target\":[\"https:\\\/\\\/allimaginarium.fr\\\/en\\\/salon-entreprise-val-doust\\\/\"]}]},{\"@type\":\"ImageObject\",\"inLanguage\":\"fr-FR\",\"@id\":\"https:\\\/\\\/allimaginarium.fr\\\/en\\\/salon-entreprise-val-doust\\\/#primaryimage\",\"url\":\"https:\\\/\\\/allimaginarium.fr\\\/en\\\/wp-content\\\/uploads\\\/2023\\\/04\\\/Salon-de-lentreprise.png\",\"contentUrl\":\"https:\\\/\\\/allimaginarium.fr\\\/en\\\/wp-content\\\/uploads\\\/2023\\\/04\\\/Salon-de-lentreprise.png\",\"width\":1200,\"height\":200,\"caption\":\"Blog All Imaginarium\"},{\"@type\":\"BreadcrumbList\",\"@id\":\"https:\\\/\\\/allimaginarium.fr\\\/en\\\/salon-entreprise-val-doust\\\/#breadcrumb\",\"itemListElement\":[{\"@type\":\"ListItem\",\"position\":1,\"name\":\"Accueil\",\"item\":\"https:\\\/\\\/allimaginarium.fr\\\/en\\\/\"},{\"@type\":\"ListItem\",\"position\":2,\"name\":\"Salon de l&rsquo;entreprise\"}]},{\"@type\":\"WebSite\",\"@id\":\"https:\\\/\\\/allimaginarium.fr\\\/en\\\/#website\",\"url\":\"https:\\\/\\\/allimaginarium.fr\\\/en\\\/\",\"name\":\"All*Imaginarium\",\"description\":\"L&#039;univers cr\u00e9atif de Magali et Chlo\u00e9\",\"publisher\":{\"@id\":\"https:\\\/\\\/allimaginarium.fr\\\/en\\\/#organization\"},\"potentialAction\":[{\"@type\":\"SearchAction\",\"target\":{\"@type\":\"EntryPoint\",\"urlTemplate\":\"https:\\\/\\\/allimaginarium.fr\\\/en\\\/?s={search_term_string}\"},\"query-input\":{\"@type\":\"PropertyValueSpecification\",\"valueRequired\":true,\"valueName\":\"search_term_string\"}}],\"inLanguage\":\"fr-FR\"},{\"@type\":\"Organization\",\"@id\":\"https:\\\/\\\/allimaginarium.fr\\\/en\\\/#organization\",\"name\":\"All*Imaginarium\",\"url\":\"https:\\\/\\\/allimaginarium.fr\\\/en\\\/\",\"logo\":{\"@type\":\"ImageObject\",\"inLanguage\":\"fr-FR\",\"@id\":\"https:\\\/\\\/allimaginarium.fr\\\/en\\\/#\\\/schema\\\/logo\\\/image\\\/\",\"url\":\"https:\\\/\\\/allimaginarium.fr\\\/en\\\/wp-content\\\/uploads\\\/2023\\\/03\\\/logo-allimaginarium-bleu-frange-bleu.png\",\"contentUrl\":\"https:\\\/\\\/allimaginarium.fr\\\/en\\\/wp-content\\\/uploads\\\/2023\\\/03\\\/logo-allimaginarium-bleu-frange-bleu.png\",\"width\":2418,\"height\":2433,\"caption\":\"All*Imaginarium\"},\"image\":{\"@id\":\"https:\\\/\\\/allimaginarium.fr\\\/en\\\/#\\\/schema\\\/logo\\\/image\\\/\"},\"sameAs\":[\"https:\\\/\\\/www.facebook.com\\\/allimaginarium\",\"https:\\\/\\\/www.pinterest.fr\\\/allimaginarium\\\/\",\"https:\\\/\\\/www.instagram.com\\\/all.imaginarium\\\/\"]},{\"@type\":\"Person\",\"@id\":\"https:\\\/\\\/allimaginarium.fr\\\/en\\\/#\\\/schema\\\/person\\\/628eae59e3a5093dd205419c85d3bc5d\",\"name\":\"Magali All*imaginarium\",\"image\":{\"@type\":\"ImageObject\",\"inLanguage\":\"fr-FR\",\"@id\":\"https:\\\/\\\/secure.gravatar.com\\\/avatar\\\/ede485cd40d8de47ce36ba6b9b71283bc54ace84f80c382c58f1df6299556049?s=96&d=mm&r=g\",\"url\":\"https:\\\/\\\/secure.gravatar.com\\\/avatar\\\/ede485cd40d8de47ce36ba6b9b71283bc54ace84f80c382c58f1df6299556049?s=96&d=mm&r=g\",\"contentUrl\":\"https:\\\/\\\/secure.gravatar.com\\\/avatar\\\/ede485cd40d8de47ce36ba6b9b71283bc54ace84f80c382c58f1df6299556049?s=96&d=mm&r=g\",\"caption\":\"Magali All*imaginarium\"},\"url\":\"https:\\\/\\\/allimaginarium.fr\\\/en\\\/author\\\/owner\\\/\"}]}<\/script>\n<!-- \/ Yoast SEO plugin. -->","yoast_head_json":{"title":"Salon de l'entreprise - All*Imaginarium","description":"Une premi\u00e8re pour All* Imaginarium et pour le salon de l'entreprise organis\u00e9 par la Mairie du Val d'Oust en Bretagne, Morbihan.","robots":{"index":"index","follow":"follow","max-snippet":"max-snippet:-1","max-image-preview":"max-image-preview:large","max-video-preview":"max-video-preview:-1"},"canonical":"https:\/\/allimaginarium.fr\/en\/salon-entreprise-val-doust\/","og_locale":"fr_FR","og_type":"article","og_title":"Salon de l'entreprise - All*Imaginarium","og_description":"Une premi\u00e8re pour All* Imaginarium et pour le salon de l'entreprise organis\u00e9 par la Mairie du Val d'Oust en Bretagne, Morbihan.","og_url":"https:\/\/allimaginarium.fr\/en\/salon-entreprise-val-doust\/","og_site_name":"All*Imaginarium","article_publisher":"https:\/\/www.facebook.com\/allimaginarium","article_published_time":"2023-04-26T14:59:58+00:00","article_modified_time":"2023-05-11T14:25:52+00:00","og_image":[{"width":1200,"height":200,"url":"https:\/\/allimaginarium.fr\/en\/wp-content\/uploads\/2023\/04\/Salon-de-lentreprise.png","type":"image\/png"}],"author":"Magali All*imaginarium","twitter_card":"summary_large_image","twitter_misc":{"\u00c9crit par":"Magali All*imaginarium","Dur\u00e9e de lecture estim\u00e9e":"3 minutes"},"schema":{"@context":"https:\/\/schema.org","@graph":[{"@type":"Article","@id":"https:\/\/allimaginarium.fr\/en\/salon-entreprise-val-doust\/#article","isPartOf":{"@id":"https:\/\/allimaginarium.fr\/en\/salon-entreprise-val-doust\/"},"author":{"name":"Magali All*imaginarium","@id":"https:\/\/allimaginarium.fr\/en\/#\/schema\/person\/628eae59e3a5093dd205419c85d3bc5d"},"headline":"Salon de l&rsquo;entreprise","datePublished":"2023-04-26T14:59:58+00:00","dateModified":"2023-05-11T14:25:52+00:00","mainEntityOfPage":{"@id":"https:\/\/allimaginarium.fr\/en\/salon-entreprise-val-doust\/"},"wordCount":257,"commentCount":0,"publisher":{"@id":"https:\/\/allimaginarium.fr\/en\/#organization"},"image":{"@id":"https:\/\/allimaginarium.fr\/en\/salon-entreprise-val-doust\/#primaryimage"},"thumbnailUrl":"https:\/\/allimaginarium.fr\/en\/wp-content\/uploads\/2023\/04\/Salon-de-lentreprise.png","articleSection":["Ev\u00e9nement"],"inLanguage":"fr-FR","potentialAction":[{"@type":"CommentAction","name":"Comment","target":["https:\/\/allimaginarium.fr\/en\/salon-entreprise-val-doust\/#respond"]}]},{"@type":"WebPage","@id":"https:\/\/allimaginarium.fr\/en\/salon-entreprise-val-doust\/","url":"https:\/\/allimaginarium.fr\/en\/salon-entreprise-val-doust\/","name":"Salon de l'entreprise - All*Imaginarium","isPartOf":{"@id":"https:\/\/allimaginarium.fr\/en\/#website"},"primaryImageOfPage":{"@id":"https:\/\/allimaginarium.fr\/en\/salon-entreprise-val-doust\/#primaryimage"},"image":{"@id":"https:\/\/allimaginarium.fr\/en\/salon-entreprise-val-doust\/#primaryimage"},"thumbnailUrl":"https:\/\/allimaginarium.fr\/en\/wp-content\/uploads\/2023\/04\/Salon-de-lentreprise.png","datePublished":"2023-04-26T14:59:58+00:00","dateModified":"2023-05-11T14:25:52+00:00","description":"Une premi\u00e8re pour All* Imaginarium et pour le salon de l'entreprise organis\u00e9 par la Mairie du Val d'Oust en Bretagne, Morbihan.","breadcrumb":{"@id":"https:\/\/allimaginarium.fr\/en\/salon-entreprise-val-doust\/#breadcrumb"},"inLanguage":"fr-FR","potentialAction":[{"@type":"ReadAction","target":["https:\/\/allimaginarium.fr\/en\/salon-entreprise-val-doust\/"]}]},{"@type":"ImageObject","inLanguage":"fr-FR","@id":"https:\/\/allimaginarium.fr\/en\/salon-entreprise-val-doust\/#primaryimage","url":"https:\/\/allimaginarium.fr\/en\/wp-content\/uploads\/2023\/04\/Salon-de-lentreprise.png","contentUrl":"https:\/\/allimaginarium.fr\/en\/wp-content\/uploads\/2023\/04\/Salon-de-lentreprise.png","width":1200,"height":200,"caption":"Blog All Imaginarium"},{"@type":"BreadcrumbList","@id":"https:\/\/allimaginarium.fr\/en\/salon-entreprise-val-doust\/#breadcrumb","itemListElement":[{"@type":"ListItem","position":1,"name":"Accueil","item":"https:\/\/allimaginarium.fr\/en\/"},{"@type":"ListItem","position":2,"name":"Salon de l&rsquo;entreprise"}]},{"@type":"WebSite","@id":"https:\/\/allimaginarium.fr\/en\/#website","url":"https:\/\/allimaginarium.fr\/en\/","name":"All*Imaginarium","description":"L&#039;univers cr\u00e9atif de Magali et Chlo\u00e9","publisher":{"@id":"https:\/\/allimaginarium.fr\/en\/#organization"},"potentialAction":[{"@type":"SearchAction","target":{"@type":"EntryPoint","urlTemplate":"https:\/\/allimaginarium.fr\/en\/?s={search_term_string}"},"query-input":{"@type":"PropertyValueSpecification","valueRequired":true,"valueName":"search_term_string"}}],"inLanguage":"fr-FR"},{"@type":"Organization","@id":"https:\/\/allimaginarium.fr\/en\/#organization","name":"All*Imaginarium","url":"https:\/\/allimaginarium.fr\/en\/","logo":{"@type":"ImageObject","inLanguage":"fr-FR","@id":"https:\/\/allimaginarium.fr\/en\/#\/schema\/logo\/image\/","url":"https:\/\/allimaginarium.fr\/en\/wp-content\/uploads\/2023\/03\/logo-allimaginarium-bleu-frange-bleu.png","contentUrl":"https:\/\/allimaginarium.fr\/en\/wp-content\/uploads\/2023\/03\/logo-allimaginarium-bleu-frange-bleu.png","width":2418,"height":2433,"caption":"All*Imaginarium"},"image":{"@id":"https:\/\/allimaginarium.fr\/en\/#\/schema\/logo\/image\/"},"sameAs":["https:\/\/www.facebook.com\/allimaginarium","https:\/\/www.pinterest.fr\/allimaginarium\/","https:\/\/www.instagram.com\/all.imaginarium\/"]},{"@type":"Person","@id":"https:\/\/allimaginarium.fr\/en\/#\/schema\/person\/628eae59e3a5093dd205419c85d3bc5d","name":"Magali All*imaginarium","image":{"@type":"ImageObject","inLanguage":"fr-FR","@id":"https:\/\/secure.gravatar.com\/avatar\/ede485cd40d8de47ce36ba6b9b71283bc54ace84f80c382c58f1df6299556049?s=96&d=mm&r=g","url":"https:\/\/secure.gravatar.com\/avatar\/ede485cd40d8de47ce36ba6b9b71283bc54ace84f80c382c58f1df6299556049?s=96&d=mm&r=g","contentUrl":"https:\/\/secure.gravatar.com\/avatar\/ede485cd40d8de47ce36ba6b9b71283bc54ace84f80c382c58f1df6299556049?s=96&d=mm&r=g","caption":"Magali All*imaginarium"},"url":"https:\/\/allimaginarium.fr\/en\/author\/owner\/"}]}},"_links":{"self":[{"href":"https:\/\/allimaginarium.fr\/en\/wp-json\/wp\/v2\/posts\/5738","targetHints":{"allow":["GET"]}}],"collection":[{"href":"https:\/\/allimaginarium.fr\/en\/wp-json\/wp\/v2\/posts"}],"about":[{"href":"https:\/\/allimaginarium.fr\/en\/wp-json\/wp\/v2\/types\/post"}],"author":[{"embeddable":true,"href":"https:\/\/allimaginarium.fr\/en\/wp-json\/wp\/v2\/users\/2"}],"replies":[{"embeddable":true,"href":"https:\/\/allimaginarium.fr\/en\/wp-json\/wp\/v2\/comments?post=5738"}],"version-history":[{"count":13,"href":"https:\/\/allimaginarium.fr\/en\/wp-json\/wp\/v2\/posts\/5738\/revisions"}],"predecessor-version":[{"id":6589,"href":"https:\/\/allimaginarium.fr\/en\/wp-json\/wp\/v2\/posts\/5738\/revisions\/6589"}],"wp:featuredmedia":[{"embeddable":true,"href":"https:\/\/allimaginarium.fr\/en\/wp-json\/wp\/v2\/media\/5739"}],"wp:attachment":[{"href":"https:\/\/allimaginarium.fr\/en\/wp-json\/wp\/v2\/media?parent=5738"}],"wp:term":[{"taxonomy":"category","embeddable":true,"href":"https:\/\/allimaginarium.fr\/en\/wp-json\/wp\/v2\/categories?post=5738"},{"taxonomy":"post_tag","embeddable":true,"href":"https:\/\/allimaginarium.fr\/en\/wp-json\/wp\/v2\/tags?post=5738"}],"curies":[{"name":"wp","href":"https:\/\/api.w.org\/{rel}","templated":true}]}}